{"id":6988,"date":"2021-12-23T16:51:51","date_gmt":"2021-12-23T19:51:51","guid":{"rendered":"https:\/\/www.arquitetasnomades.com.br\/?p=6988"},"modified":"2024-06-08T09:31:04","modified_gmt":"2024-06-08T12:31:04","slug":"2o-lugar-no-edital-do-cau-mg-de-athis-casa-saudavel-moradia-digna","status":"publish","type":"post","link":"https:\/\/www.arquitetasnomades.com.br\/site\/2o-lugar-no-edital-do-cau-mg-de-athis-casa-saudavel-moradia-digna\/","title":{"rendered":"2\u00ba Lugar no Edital do CAU\/MG de ATHIS &#8211; \u201cCasa saud\u00e1vel \u2013 Moradia digna&#8221;"},"content":{"rendered":"\n<p>O edital de chamamento p\u00fablico para patroc\u00ednio n\u00ba 001\/2021 na modalidade assist\u00eancia t\u00e9cnica para habita\u00e7\u00e3o de interesse social (ATHIS) do Conselho de Arquitetura e Urbanismo de Minas Gerais (CAU\/MG) aprovou 6 propostas relevantes para o desenvolvimento da Arquitetura e Urbanismo, obrigatoriamente, em Minas Gerais, nos termos da Lei no 11.888\/08 para a promo\u00e7\u00e3o de melhores condi\u00e7\u00f5es de vida para as popula\u00e7\u00f5es em situa\u00e7\u00e3o de vulnerabilidade social, perante a pandemia COVID-19. A proposta \u201c<strong>Mesmo lugar, novo lar<\/strong>&#8221; da Arquitetas N\u00f4mades foi aprovada para o patroc\u00ednio conquistando a premia\u00e7\u00e3o pelo segundo ano consecutivo.<\/p>\n\n\n\n<p><\/p>\n\n\n\n<div class=\"wp-block-image\"><figure class=\"aligncenter size-large is-resized\"><a href=\"https:\/\/lima.tec.br\/arquitetas\/wp-content\/uploads\/2021\/12\/18_11.png\"><img fetchpriority=\"high\" decoding=\"async\" src=\"https:\/\/lima.tec.br\/arquitetas\/wp-content\/uploads\/2021\/12\/18_11-1024x1024.png\" alt=\"\" class=\"wp-image-6989\" width=\"553\" height=\"553\" srcset=\"https:\/\/www.arquitetasnomades.com.br\/site\/wp-content\/uploads\/2021\/12\/18_11-1024x1024.png 1024w, https:\/\/www.arquitetasnomades.com.br\/site\/wp-content\/uploads\/2021\/12\/18_11-300x300.png 300w, https:\/\/www.arquitetasnomades.com.br\/site\/wp-content\/uploads\/2021\/12\/18_11-150x150.png 150w, https:\/\/www.arquitetasnomades.com.br\/site\/wp-content\/uploads\/2021\/12\/18_11-768x768.png 768w, https:\/\/www.arquitetasnomades.com.br\/site\/wp-content\/uploads\/2021\/12\/18_11.png 1080w\" sizes=\"(max-width: 553px) 100vw, 553px\" \/><\/a><\/figure><\/div>\n\n\n\n<p>Com o t\u00edtulo de <strong>\u201cCasa saud\u00e1vel \u2013 Moradia digna\u201d<\/strong> , essa edi\u00e7\u00e3o visou apoiar propostas que visem qualificar a habita\u00e7\u00e3o social, promovendo melhorias nas resid\u00eancias, especialmente nas instala\u00e7\u00f5es hidrossanit\u00e1rias, patologias construtivas, solu\u00e7\u00f5es de ventila\u00e7\u00e3o e ilumina\u00e7\u00e3o e qualidade ambiental, com fun\u00e7\u00f5es de apoiar a\u00e7\u00f5es de enfrentamento da pandemia.<\/p>\n\n\n\n<p>O p\u00fablico atendido ser\u00e3o fam\u00edlias de baixa renda no bairro Alto das Merc\u00eas e Senhor dos Montes, vivendo em situa\u00e7\u00e3o de insalubridade e periculosidade e que com a pandemia do COVID-19 encontram-se em situa\u00e7\u00e3o de vulnerabilidade social evidente. No total ser\u00e3o realizadas 6 reformas subsidiadas pelo patroc\u00ednio e 2 com a proposta de mix de cr\u00e9dito.<br>Esta \u00faltima acompanha a realiza\u00e7\u00e3o e execu\u00e7\u00e3o da obra dentro de aproximadamente 70% do valor total da melhoria habitacional, que engloba tamb\u00e9m m\u00e3o de obra&nbsp; e materiais . O montante restante referente a aproximadamente 30%, diz respeito a custos com conting\u00eancias e despesas administrativas\/operacionais que ser\u00e3o financiados para a fam\u00edlia.&nbsp;<\/p>\n\n\n\n<p>As reformas subsidiadas seguem o seguinte passo a passo:<br><br><\/p>\n\n\n\n<div class=\"wp-block-image\"><figure class=\"aligncenter size-large is-resized\"><a href=\"https:\/\/lima.tec.br\/arquitetas\/wp-content\/uploads\/2021\/12\/etapas1.png\"><img decoding=\"async\" src=\"https:\/\/lima.tec.br\/arquitetas\/wp-content\/uploads\/2021\/12\/etapas1.png\" alt=\"\" class=\"wp-image-6991\" width=\"526\" height=\"517\" srcset=\"https:\/\/www.arquitetasnomades.com.br\/site\/wp-content\/uploads\/2021\/12\/etapas1.png 997w, https:\/\/www.arquitetasnomades.com.br\/site\/wp-content\/uploads\/2021\/12\/etapas1-300x295.png 300w, https:\/\/www.arquitetasnomades.com.br\/site\/wp-content\/uploads\/2021\/12\/etapas1-768x756.png 768w\" sizes=\"(max-width: 526px) 100vw, 526px\" \/><\/a><\/figure><\/div>\n\n\n\n<p>J\u00e1 para a proposta de mix de cr\u00e9dito, o passo a passo \u00e9 um pouco diferente:<br><br><\/p>\n\n\n\n<div class=\"wp-block-image\"><figure class=\"aligncenter size-large is-resized\"><a href=\"https:\/\/lima.tec.br\/arquitetas\/wp-content\/uploads\/2021\/12\/etapas_mix-de-credito.png\"><img decoding=\"async\" src=\"https:\/\/lima.tec.br\/arquitetas\/wp-content\/uploads\/2021\/12\/etapas_mix-de-credito.png\" alt=\"\" class=\"wp-image-6992\" width=\"521\" height=\"514\" srcset=\"https:\/\/www.arquitetasnomades.com.br\/site\/wp-content\/uploads\/2021\/12\/etapas_mix-de-credito.png 992w, https:\/\/www.arquitetasnomades.com.br\/site\/wp-content\/uploads\/2021\/12\/etapas_mix-de-credito-300x297.png 300w, https:\/\/www.arquitetasnomades.com.br\/site\/wp-content\/uploads\/2021\/12\/etapas_mix-de-credito-768x759.png 768w\" sizes=\"(max-width: 521px) 100vw, 521px\" \/><\/a><\/figure><\/div>\n\n\n\n<div class=\"wp-block-columns is-layout-flex wp-container-core-columns-is-layout-28f84493 wp-block-columns-is-layout-flex\">\n<div class=\"wp-block-column is-layout-flow wp-block-column-is-layout-flow\" style=\"flex-basis:50%\">\n<p><strong>Nosso objetivo tamb\u00e9m \u00e9 valorizar o patrim\u00f4nio cultural atrav\u00e9s das pr\u00f3prias reformas de casas que est\u00e3o em \u00e1reas de ZPC e ZRU no entorno ou tangenciando o Parque Estadual Serra do Lenheiro (reconhecida como patrim\u00f4nio cultural) e tamb\u00e9m orientar a popula\u00e7\u00e3o sobre o processo de regulariza\u00e7\u00e3o fundi\u00e1ria nessa \u00e1rea.<\/strong><\/p>\n<\/div>\n\n\n\n<div class=\"wp-block-column is-layout-flow wp-block-column-is-layout-flow\" style=\"flex-basis:50%\">\n<div class=\"wp-block-columns is-layout-flex wp-container-core-columns-is-layout-28f84493 wp-block-columns-is-layout-flex\">\n<div class=\"wp-block-column is-layout-flow wp-block-column-is-layout-flow\" style=\"flex-basis:100%\">\n<p class=\"has-text-align-center\"><img loading=\"lazy\" decoding=\"async\" src=\"https:\/\/lh6.googleusercontent.com\/Zn4c1ZP8MloInKrI3W-ts0WuePFOdS1QYDDwSor-KSwhhN4IlSdtXfGgdstGgr3yY0dfmsd_DSz24EdOUIhzShC5hFX2TCTInoeIQayojsO4psOhoQ6lxAKlsNEZSiGhFbucSg4E\" width=\"183\" height=\"155\"><\/p>\n\n\n\n<p><\/p>\n<\/div>\n<\/div>\n<\/div>\n<\/div>\n\n\n\n<div class=\"wp-block-columns is-layout-flex wp-container-core-columns-is-layout-28f84493 wp-block-columns-is-layout-flex\">\n<div class=\"wp-block-column is-layout-flow wp-block-column-is-layout-flow\" style=\"flex-basis:100%\">\n<div class=\"wp-block-columns is-layout-flex wp-container-core-columns-is-layout-28f84493 wp-block-columns-is-layout-flex\"><\/div>\n<\/div>\n<\/div>\n\n\n\n<div class=\"wp-block-columns is-layout-flex wp-container-core-columns-is-layout-28f84493 wp-block-columns-is-layout-flex\">\n<div class=\"wp-block-column is-layout-flow wp-block-column-is-layout-flow\" style=\"flex-basis:50%\">\n<p class=\"has-text-align-center\"><img loading=\"lazy\" decoding=\"async\" src=\"https:\/\/lh4.googleusercontent.com\/XUIqrBYwsK0Y3HwYoYTHml4j_F147HTwLbBbUkHYQZo6SIqTmS8aILx6aUUx4gIwjkS3NoycWM3j495UF8KcYnVR5TFG08UF78LTubDIoMCIu0UmQCs5qvo6Ka4M6div1uQAa-Wx\" width=\"178\" height=\"165\">.<\/p>\n<\/div>\n\n\n\n<div class=\"wp-block-column is-layout-flow wp-block-column-is-layout-flow\" style=\"flex-basis:50%\">\n<p class=\"has-text-align-right\"><strong>Al\u00e9m disso, tamb\u00e9m teremos o acesso de arquitetos e urbanistas e estudantes da \u00e1rea no acompanhamento e orienta\u00e7\u00e3o aos moradores sobre regulariza\u00e7\u00e3o, melhorias habitacionais e preserva\u00e7\u00e3o do patrim\u00f4nio cultural, tomando os devidos cuidados e protocolos de higiene e prote\u00e7\u00e3o contra o COVID-19<\/strong><\/p>\n\n\n\n<p><\/p>\n<\/div>\n<\/div>\n\n\n\n<div class=\"wp-block-columns is-layout-flex wp-container-core-columns-is-layout-28f84493 wp-block-columns-is-layout-flex\">\n<div class=\"wp-block-column is-layout-flow wp-block-column-is-layout-flow\" style=\"flex-basis:100%\">\n<div class=\"wp-block-columns is-layout-flex wp-container-core-columns-is-layout-28f84493 wp-block-columns-is-layout-flex\">\n<div class=\"wp-block-column is-layout-flow wp-block-column-is-layout-flow\" style=\"flex-basis:50%\">\n<p class=\"has-text-align-left\"><strong>Todo esse trabalho atende o Objetivo de Desenvolvimento Sustent\u00e1vel (ODS) n\u00famero 11 da Agenda 2030 da Organiza\u00e7\u00e3o das Na\u00e7\u00f5es Unidas: Cidades e comunidades sustent\u00e1veis, tornar as cidades e comunidades mais inclusivas, seguras, resilientes e sustent\u00e1veis, trabalhando para garantir o acesso de todos \u00e0 habita\u00e7\u00e3o segura, adequada e a pre\u00e7o acess\u00edvel.&nbsp;<\/strong><\/p>\n<\/div>\n\n\n\n<div class=\"wp-block-column is-layout-flow wp-block-column-is-layout-flow\" style=\"flex-basis:50%\">\n<p class=\"has-text-align-center\"><img loading=\"lazy\" decoding=\"async\" src=\"https:\/\/lh4.googleusercontent.com\/jMBCa5xpnoQuynINqCq_Wv1ysWIjjFF5gZvv5qizesGup1jrGnlFjnB7Vk1M-4Ul_0Zt4t-17zCX8e_A1qSiq6Kc2hW50VqVMSzFbUg1amThC4qrfMY1C4P1H0A07mb3EsAO3e-w\" width=\"187\" height=\"187\"><\/p>\n\n\n\n<p><\/p>\n<\/div>\n<\/div>\n<\/div>\n<\/div>\n\n\n\n<p class=\"has-text-align-left\">Para mais informa\u00e7\u00f5es sobre o edital e a descri\u00e7\u00e3o dos outros planos de trabalho aprovados acessar o link: <a href=\"https:\/\/www.caumg.gov.br\/resultado-athis-patrocinio-2021\/\">https:\/\/www.caumg.gov.br\/athis-2021\/<\/a> <br><br><br><\/p>\n\n\n\n<p><\/p>\n","protected":false},"excerpt":{"rendered":"<p>O edital de chamamento p\u00fablico para patroc\u00ednio n\u00ba 001\/2021 na modalidade assist\u00eancia t\u00e9cnica para habita\u00e7\u00e3o de interesse social (ATHIS) do Conselho de Arquitetura e Urbanismo de Minas Gerais (CAU\/MG) aprovou 6 propostas relevantes para o desenvolvimento da Arquitetura e Urbanismo, obrigatoriamente, em Minas Gerais, nos termos da Lei no 11.888\/08 para a promo\u00e7\u00e3o de melhores condi\u00e7\u00f5es de vida para as popula\u00e7\u00f5es em situa\u00e7\u00e3o de vulnerabilidade social, perante a pandemia COVID-19. A proposta \u201cMesmo lugar, novo lar&#8221; da Arquitetas N\u00f4mades foi aprovada para o patroc\u00ednio conquistando a premia\u00e7\u00e3o pelo segundo ano consecutivo. Com o t\u00edtulo de \u201cCasa saud\u00e1vel \u2013 Moradia digna\u201d , essa edi\u00e7\u00e3o visou apoiar propostas que visem qualificar a habita\u00e7\u00e3o social, promovendo melhorias nas resid\u00eancias, especialmente nas instala\u00e7\u00f5es hidrossanit\u00e1rias, patologias construtivas, solu\u00e7\u00f5es de ventila\u00e7\u00e3o e ilumina\u00e7\u00e3o e qualidade ambiental, com fun\u00e7\u00f5es de apoiar a\u00e7\u00f5es de enfrentamento da pandemia. O p\u00fablico atendido ser\u00e3o fam\u00edlias de baixa renda no bairro Alto das Merc\u00eas e Senhor dos Montes, vivendo em situa\u00e7\u00e3o de insalubridade e periculosidade e que com a pandemia do COVID-19 encontram-se em situa\u00e7\u00e3o de vulnerabilidade social evidente. No total ser\u00e3o realizadas 6 reformas subsidiadas pelo patroc\u00ednio e 2 com a proposta de mix de cr\u00e9dito.Esta \u00faltima acompanha a realiza\u00e7\u00e3o e execu\u00e7\u00e3o da obra dentro de aproximadamente 70% do valor total da melhoria habitacional, que engloba tamb\u00e9m m\u00e3o de obra&nbsp; e materiais . O montante restante referente a aproximadamente 30%, diz respeito a custos com conting\u00eancias e despesas administrativas\/operacionais que ser\u00e3o financiados para a fam\u00edlia.&nbsp; As reformas subsidiadas seguem o seguinte passo a passo: J\u00e1 para a proposta de mix de cr\u00e9dito, o passo a passo \u00e9 um pouco diferente: Nosso objetivo tamb\u00e9m \u00e9 valorizar o patrim\u00f4nio cultural atrav\u00e9s das pr\u00f3prias reformas de casas que est\u00e3o em \u00e1reas de ZPC e ZRU no entorno ou tangenciando o Parque Estadual Serra do Lenheiro (reconhecida como patrim\u00f4nio cultural) e tamb\u00e9m orientar a popula\u00e7\u00e3o sobre o processo de regulariza\u00e7\u00e3o fundi\u00e1ria nessa \u00e1rea. . Al\u00e9m disso, tamb\u00e9m teremos o acesso de arquitetos e urbanistas e estudantes da \u00e1rea no acompanhamento e orienta\u00e7\u00e3o aos moradores sobre regulariza\u00e7\u00e3o, melhorias habitacionais e preserva\u00e7\u00e3o do patrim\u00f4nio cultural, tomando os devidos cuidados e protocolos de higiene e prote\u00e7\u00e3o contra o COVID-19 Todo esse trabalho atende o Objetivo de Desenvolvimento Sustent\u00e1vel (ODS) n\u00famero 11 da Agenda 2030 da Organiza\u00e7\u00e3o das Na\u00e7\u00f5es Unidas: Cidades e comunidades sustent\u00e1veis, tornar as cidades e comunidades mais inclusivas, seguras, resilientes e sustent\u00e1veis, trabalhando para garantir o acesso de todos \u00e0 habita\u00e7\u00e3o segura, adequada e a pre\u00e7o acess\u00edvel.&nbsp; Para mais informa\u00e7\u00f5es sobre o edital e a descri\u00e7\u00e3o dos outros planos de trabalho aprovados acessar o link: https:\/\/www.caumg.gov.br\/athis-2021\/<\/p>\n","protected":false},"author":2,"featured_media":6909,"comment_status":"open","ping_status":"closed","sticky":false,"template":"","format":"standard","meta":{"_acf_changed":false,"footnotes":""},"categories":[23],"tags":[],"class_list":["post-6988","post","type-post","status-publish","format-standard","has-post-thumbnail","hentry","category-blog"],"acf":[],"_links":{"self":[{"href":"https:\/\/www.arquitetasnomades.com.br\/site\/wp-json\/wp\/v2\/posts\/6988","targetHints":{"allow":["GET"]}}],"collection":[{"href":"https:\/\/www.arquitetasnomades.com.br\/site\/wp-json\/wp\/v2\/posts"}],"about":[{"href":"https:\/\/www.arquitetasnomades.com.br\/site\/wp-json\/wp\/v2\/types\/post"}],"author":[{"embeddable":true,"href":"https:\/\/www.arquitetasnomades.com.br\/site\/wp-json\/wp\/v2\/users\/2"}],"replies":[{"embeddable":true,"href":"https:\/\/www.arquitetasnomades.com.br\/site\/wp-json\/wp\/v2\/comments?post=6988"}],"version-history":[{"count":1,"href":"https:\/\/www.arquitetasnomades.com.br\/site\/wp-json\/wp\/v2\/posts\/6988\/revisions"}],"predecessor-version":[{"id":8575,"href":"https:\/\/www.arquitetasnomades.com.br\/site\/wp-json\/wp\/v2\/posts\/6988\/revisions\/8575"}],"wp:featuredmedia":[{"embeddable":true,"href":"https:\/\/www.arquitetasnomades.com.br\/site\/wp-json\/wp\/v2\/media\/6909"}],"wp:attachment":[{"href":"https:\/\/www.arquitetasnomades.com.br\/site\/wp-json\/wp\/v2\/media?parent=6988"}],"wp:term":[{"taxonomy":"category","embeddable":true,"href":"https:\/\/www.arquitetasnomades.com.br\/site\/wp-json\/wp\/v2\/categories?post=6988"},{"taxonomy":"post_tag","embeddable":true,"href":"https:\/\/www.arquitetasnomades.com.br\/site\/wp-json\/wp\/v2\/tags?post=6988"}],"curies":[{"name":"wp","href":"https:\/\/api.w.org\/{rel}","templated":true}]}}