{"id":7570,"date":"2024-01-24T15:39:39","date_gmt":"2024-01-24T18:39:39","guid":{"rendered":"https:\/\/www.arquitetasnomades.com.br\/?p=7570"},"modified":"2024-06-08T09:32:34","modified_gmt":"2024-06-08T12:32:34","slug":"moradia-digna-e-patrimonio-o-que-tem-a-ver","status":"publish","type":"post","link":"https:\/\/www.arquitetasnomades.com.br\/site\/moradia-digna-e-patrimonio-o-que-tem-a-ver\/","title":{"rendered":"Moradia digna e Patrim\u00f4nio : o que tem a ver?"},"content":{"rendered":"\n<p><strong>Moradia digna e Patrim\u00f4nio : o que tem a ver?<\/strong><\/p>\n\n\n\n<p>A rela\u00e7\u00e3o entre moradia digna e patrim\u00f4nio nas cidades de S\u00e3o Jo\u00e3o Del Rei e Ouro Preto, no estado de Minas Gerais, reflete uma intera\u00e7\u00e3o complexa e multifacetada. Como podemos garantir moradia digna enquanto preservamos nosso legado hist\u00f3rico e cultural? Nesta newsletter, exploramos essa interse\u00e7\u00e3o desafiadora e as iniciativas em andamento para enfrentar essa quest\u00e3o.<\/p>\n\n\n\n<p><strong>Duas Cidades de Hist\u00f3rias e Desafios<\/strong><br><br>No per\u00edodo da explora\u00e7\u00e3o aur\u00edfera , S\u00e3o Jo\u00e3o Del Rei experimentou um crescimento significativo, resultando em um legado de arquitetura colonial, ecl\u00e9tica, proto-moderna e art-d\u00e9co. Esta riqueza arquitet\u00f4nica, reconhecida e protegida pelo Instituto do Patrim\u00f4nio Hist\u00f3rico e Art\u00edstico Nacional (IPHAN) e pelo Conselho Municipal de Preserva\u00e7\u00e3o do Patrim\u00f4nio Cultural, constitui um valioso patrim\u00f4nio cultural e hist\u00f3rico. Ao mesmo tempo, com o decl\u00ednio do ciclo do ouro e a transforma\u00e7\u00e3o de S\u00e3o Jo\u00e3o Del Rei em um entreposto comercial, houve um desenvolvimento urbano que se estendeu para al\u00e9m do n\u00facleo hist\u00f3rico, especialmente nas \u00e1reas perif\u00e9ricas.<\/p>\n\n\n\n<p>Reconhecida como Patrim\u00f4nio Mundial pela UNESCO, Ouro Preto \u00e9 um retrato da diversidade de regimes de tombamento sob diretrizes diversas que muitas\u00a0vezes confundem os cidad\u00e3os que nela residem. A desigualdade socioecon\u00f4mica entre os moradores das distintas \u00e1reas de prote\u00e7\u00e3o adiciona outra camada a este panorama, influenciando diretamente no acesso \u00e0 informa\u00e7\u00e3o e nos servi\u00e7os de adequa\u00e7\u00e3o residencial.<br><br><strong>O Crescimento e a Necessidade de Moradia<\/strong><br><br>A partir dos anos 1970, S\u00e3o Jo\u00e3o del Tei\u00a0come\u00e7ou a receber um fluxo de migrantes das zonas rurais e cidades vizinhas, resultando na forma\u00e7\u00e3o de periferias como o Bonfim, Guarda-Mor, Senhor dos Montes, S\u00e3o Geraldo, S\u00e3o Dimas, entre outros. Estas \u00e1reas, muitas vezes desprovidas de infraestrutura e servi\u00e7os urbanos adequados, refletem um desafio contempor\u00e2neo: como proporcionar moradia digna enquanto se preserva o rico patrim\u00f4nio cultural e hist\u00f3rico. A cidade, portanto, enfrenta o desafio de equilibrar a preserva\u00e7\u00e3o do patrim\u00f4nio com a necessidade de expans\u00e3o urbana e moradia acess\u00edvel. As pol\u00edticas de preserva\u00e7\u00e3o, como as estabelecidas pelo CMPPC e pelo Plano Diretor, s\u00e3o essenciais para proteger o patrim\u00f4nio hist\u00f3rico, mas tamb\u00e9m precisam ser integradas com estrat\u00e9gias para promover o desenvolvimento urbano sustent\u00e1vel e inclusivo.<br><br>\u00c0 sombra da Serra de Ouro Preto, nos bairros a oeste, reside uma popula\u00e7\u00e3o densa e diversa, que encara a precariedade habitacional frente a um cen\u00e1rio de patrim\u00f4nio cultural rigorosamente protegido. A\u00a0necessidade de moradia digna n\u00e3o \u00e9 apenas um anseio, mas uma demanda urgente, sobretudo nas \u00e1reas de \u00c1rea de prote\u00e7\u00e3o (AP 01), onde a preserva\u00e7\u00e3o e a vida cotidiana devem encontrar um equil\u00edbrio sustent\u00e1vel.<br><strong>Projetos Inovadores em A\u00e7\u00e3o<\/strong><br><br>O envolvimento da comunidade local \u00e9 crucial neste processo. Projetos que visam integrar a popula\u00e7\u00e3o residente na preserva\u00e7\u00e3o do patrim\u00f4nio, ao mesmo tempo que abordam suas necessidades de moradia, podem ajudar a criar uma conex\u00e3o mais profunda entre os moradores e seu patrim\u00f4nio cultural. A educa\u00e7\u00e3o patrimonial, particularmente entre as crian\u00e7as e jovens, \u00e9 um aspecto fundamental para fomentar uma aprecia\u00e7\u00e3o pelo patrim\u00f4nio hist\u00f3rico e cultural e para a forma\u00e7\u00e3o de uma identidade cultural coletiva.<br><br>Estamos enfrentando esse desafio de frente, com o apoio de dois editais de patroc\u00ednio do CAU\/MG para o ano de 2023.\u00a0 O primeiro, focado em Assist\u00eancia T\u00e9cnica para Habita\u00e7\u00e3o de Interesse Social (ATHIS), \u00e9 intitulado &#8220;Moradia Digna, um direito seu&#8221; e o\u00a0segundo edital \u00e9 dedicado ao Patrim\u00f4nio Cultural.<br>Guias did\u00e1ticos, elaborados pela comunidade e para a comunidade, visam simplificar as diretrizes de tombamento e incentivar a participa\u00e7\u00e3o popular no processo de preserva\u00e7\u00e3o. Estes esfor\u00e7os buscam n\u00e3o apenas proteger, mas tamb\u00e9m empoderar os residentes, dando-lhes as ferramentas para que sejam protagonistas na prote\u00e7\u00e3o e valoriza\u00e7\u00e3o do seu entorno hist\u00f3rico.<br><br><strong>Edital de Patrim\u00f4nio Cultural<\/strong><br><br>As cidades hist\u00f3ricas de Ouro Preto e S\u00e3o Jo\u00e3o Del Rei receberam iniciativas para a preserva\u00e7\u00e3o do patrim\u00f4nio cultural e a educa\u00e7\u00e3o da comunidade, com a execu\u00e7\u00e3o da Arquitetas N\u00f4mades e patroc\u00ednio do CAU\/MG na modalidade Patrim\u00f4nio Cultural.<br>O projeto &#8220;Guia para moradores do centro hist\u00f3rico e entorno&#8221; em Ouro Preto da\u00a0 A3EM focou em capacitar profissionais, estudantes e moradores sobre como preservar e melhorar habita\u00e7\u00f5es em \u00e1reas tombadas, abrangendo a \u00e1rea do Morro da Queimada . Em S\u00e3o Jo\u00e3o del Rei, o projeto da Projeto Social Crian\u00e7a, Atleta, Cidad\u00e3 (CAC) teve como diferencial as oficinas com crian\u00e7as do projeto.\u00a0Ambos os projetos engajam\u00a0 estudantes e profissionais de arquitetura, engenharia civil e \u00e1reas afins, em atividades que inclu\u00edram\u00a0oficinas did\u00e1ticas e orienta\u00e7\u00e3o \u00e0 comunidade.<\/p>\n\n\n\n<figure class=\"wp-block-image size-large is-resized\"><a href=\"https:\/\/lima.tec.br\/arquitetas\/wp-content\/uploads\/2024\/01\/image.png\"><img fetchpriority=\"high\" decoding=\"async\" width=\"1021\" height=\"1024\" src=\"https:\/\/lima.tec.br\/arquitetas\/wp-content\/uploads\/2024\/01\/image-1021x1024.png\" alt=\"\" class=\"wp-image-7574\" style=\"width:597px;height:auto\" srcset=\"https:\/\/www.arquitetasnomades.com.br\/site\/wp-content\/uploads\/2024\/01\/image-1021x1024.png 1021w, https:\/\/www.arquitetasnomades.com.br\/site\/wp-content\/uploads\/2024\/01\/image-300x300.png 300w, https:\/\/www.arquitetasnomades.com.br\/site\/wp-content\/uploads\/2024\/01\/image-150x150.png 150w, https:\/\/www.arquitetasnomades.com.br\/site\/wp-content\/uploads\/2024\/01\/image-768x770.png 768w, https:\/\/www.arquitetasnomades.com.br\/site\/wp-content\/uploads\/2024\/01\/image.png 1077w\" sizes=\"(max-width: 1021px) 100vw, 1021px\" \/><\/a><\/figure>\n\n\n\n<figure class=\"wp-block-image size-large is-resized\"><a href=\"https:\/\/lima.tec.br\/arquitetas\/wp-content\/uploads\/2024\/01\/image-2.png\"><img decoding=\"async\" width=\"1020\" height=\"1024\" src=\"https:\/\/lima.tec.br\/arquitetas\/wp-content\/uploads\/2024\/01\/image-2-1020x1024.png\" alt=\"\" class=\"wp-image-7577\" style=\"width:593px;height:auto\" srcset=\"https:\/\/www.arquitetasnomades.com.br\/site\/wp-content\/uploads\/2024\/01\/image-2-1020x1024.png 1020w, https:\/\/www.arquitetasnomades.com.br\/site\/wp-content\/uploads\/2024\/01\/image-2-300x300.png 300w, https:\/\/www.arquitetasnomades.com.br\/site\/wp-content\/uploads\/2024\/01\/image-2-150x150.png 150w, https:\/\/www.arquitetasnomades.com.br\/site\/wp-content\/uploads\/2024\/01\/image-2-768x771.png 768w, https:\/\/www.arquitetasnomades.com.br\/site\/wp-content\/uploads\/2024\/01\/image-2.png 1076w\" sizes=\"(max-width: 1020px) 100vw, 1020px\" \/><\/a><\/figure>\n\n\n\n<figure class=\"wp-block-image size-large is-resized\"><a href=\"https:\/\/lima.tec.br\/arquitetas\/wp-content\/uploads\/2024\/01\/image-3.png\"><img decoding=\"async\" width=\"1024\" height=\"1021\" src=\"https:\/\/lima.tec.br\/arquitetas\/wp-content\/uploads\/2024\/01\/image-3-1024x1021.png\" alt=\"\" class=\"wp-image-7578\" style=\"width:597px;height:auto\" srcset=\"https:\/\/www.arquitetasnomades.com.br\/site\/wp-content\/uploads\/2024\/01\/image-3-1024x1021.png 1024w, https:\/\/www.arquitetasnomades.com.br\/site\/wp-content\/uploads\/2024\/01\/image-3-300x300.png 300w, https:\/\/www.arquitetasnomades.com.br\/site\/wp-content\/uploads\/2024\/01\/image-3-150x150.png 150w, https:\/\/www.arquitetasnomades.com.br\/site\/wp-content\/uploads\/2024\/01\/image-3-768x766.png 768w, https:\/\/www.arquitetasnomades.com.br\/site\/wp-content\/uploads\/2024\/01\/image-3.png 1083w\" sizes=\"(max-width: 1024px) 100vw, 1024px\" \/><\/a><\/figure>\n\n\n\n<p><strong>Encontros virtuais<\/strong><\/p>\n\n\n\n<p>Em Ouro Preto os encontros preparat\u00f3rios ocorreram da seguinte forma<\/p>\n\n\n\n<ol class=\"wp-block-list\">\n<li>regimes e diretrizes de tombamento aos quais a \u00e1rea est\u00e1 submetida, com principais restri\u00e7\u00f5es e potencial construtivo; (Maria Raquel &#8211; ex-chefe do ETOP IPHAN)<\/li>\n\n\n\n<li>institui\u00e7\u00f5es e tr\u00e2mites burocr\u00e1ticos para permiss\u00f5es e regulariza\u00e7\u00e3o; (Anderson &#8211; Arquiteto PMOP)<\/li>\n\n\n\n<li>assist\u00eancia t\u00e9cnica social pela Prefeitura, pela Escola de Minas, outras alternativas para assist\u00eancia t\u00e9cnica social e poss\u00edveis fomentos financeiros; (Amanda &#8211; Arquitetas N\u00f4mades)<\/li>\n\n\n\n<li>patologias e \u00e1reas de risco: como identificar e corrigir patologias construtivas em est\u00e1gio inicial, como identificar e quem acionar em situa\u00e7\u00f5es de risco. (Neri -Defesa Civil PMOP e Bruna &#8211; Professora de Patologias DECIV UFOP)<\/li>\n<\/ol>\n\n\n\n<p>Em S\u00e3o Jo\u00e3o del Rei os encontros online tiveras os temas:<\/p>\n\n\n\n<p>1-Abertura do Projeto &#8211; apresenta\u00e7\u00e3o e explica\u00e7\u00e3o geral Gest\u00e3o do Patrim\u00f4nio Cultural (Convidada : Nathalia Larsen &#8211; Presidente do CMPPC)<br>2- Guia dos Bens Edificados e Mapa do Patrim\u00f4nio (Convidadas: Ana Raposo -antiga Diretora de Cultura e Gerente de Planejamento na Prefeitura de S\u00e3o Jo\u00e3o del-Rei; Lia Lombardi &#8211; diretora da Igarap\u00e9 Produtora, estando \u00e0 frente do projeto &#8220;Mapa do Patrim\u00f4nio&#8221;)<br>3- Diretrizes do Conselho Municipal de Preserva\u00e7\u00e3o ao Patrim\u00f4nio Cultural e aprova\u00e7\u00e3o de projetos no IPHAN. (Convidados: Raymara Gama &#8211; ETSJ IPHAN; Roberto Miranda &#8211; Arquiteto da Secretaria Municipal de Cultura e Turismo de SJDR, cedido ao CMPPC)<br>4- Direito e Patrim\u00f4nio Cultural (Convidado: Carlos Magno de Souza Paiva- Um dos escritores do <a href=\"https:\/\/www.google.com\/url?q=https:\/\/drive.google.com\/file\/d\/1FPcPmwwwZu8vIpyeTpd5yfY1sxBZYX6q\/view?usp%3Dsharing&amp;sa=D&amp;source=calendar&amp;usd=2&amp;usg=AOvVaw3ZmZaNiF-K3jLIfmG5B7uZ\" data-type=\"link\" data-id=\"https:\/\/www.google.com\/url?q=https:\/\/drive.google.com\/file\/d\/1FPcPmwwwZu8vIpyeTpd5yfY1sxBZYX6q\/view?usp%3Dsharing&amp;sa=D&amp;source=calendar&amp;usd=2&amp;usg=AOvVaw3ZmZaNiF-K3jLIfmG5B7uZ\">Manual para quem vive em casas tombadas<\/a>)<\/p>\n\n\n\n<p>Ficou curioso? Al\u00e9m do link do livro acima conhe\u00e7a um pouco mais das iniciativas que foram refer\u00eancia para esse projeto:<\/p>\n\n\n\n<p><a href=\"https:\/\/mapadopatrimonio.com.br\/\" data-type=\"link\" data-id=\"https:\/\/mapadopatrimonio.com.br\/\">Conhe\u00e7a o Mapa do Patrim\u00f4nio<\/a><br><a href=\"https:\/\/drive.google.com\/drive\/folders\/1-Sn71lcSyQYehlJtZqqi1UifwNsdzI24?usp=sharing\" data-type=\"link\" data-id=\"https:\/\/drive.google.com\/drive\/folders\/1-Sn71lcSyQYehlJtZqqi1UifwNsdzI24?usp=sharing\">Baixe o Guia de bens Edificados de S\u00e3o Jo\u00e3o del Rei<\/a><br><\/p>\n","protected":false},"excerpt":{"rendered":"<p>Moradia digna e Patrim\u00f4nio : o que tem a ver? A rela\u00e7\u00e3o entre moradia digna e patrim\u00f4nio nas cidades de S\u00e3o Jo\u00e3o Del Rei e Ouro Preto, no estado de Minas Gerais, reflete uma intera\u00e7\u00e3o complexa e multifacetada. Como podemos garantir moradia digna enquanto preservamos nosso legado hist\u00f3rico e cultural? Nesta newsletter, exploramos essa interse\u00e7\u00e3o desafiadora e as iniciativas em andamento para enfrentar essa quest\u00e3o. Duas Cidades de Hist\u00f3rias e Desafios No per\u00edodo da explora\u00e7\u00e3o aur\u00edfera , S\u00e3o Jo\u00e3o Del Rei experimentou um crescimento significativo, resultando em um legado de arquitetura colonial, ecl\u00e9tica, proto-moderna e art-d\u00e9co. Esta riqueza arquitet\u00f4nica, reconhecida e protegida pelo Instituto do Patrim\u00f4nio Hist\u00f3rico e Art\u00edstico Nacional (IPHAN) e pelo Conselho Municipal de Preserva\u00e7\u00e3o do Patrim\u00f4nio Cultural, constitui um valioso patrim\u00f4nio cultural e hist\u00f3rico. Ao mesmo tempo, com o decl\u00ednio do ciclo do ouro e a transforma\u00e7\u00e3o de S\u00e3o Jo\u00e3o Del Rei em um entreposto comercial, houve um desenvolvimento urbano que se estendeu para al\u00e9m do n\u00facleo hist\u00f3rico, especialmente nas \u00e1reas perif\u00e9ricas. Reconhecida como Patrim\u00f4nio Mundial pela UNESCO, Ouro Preto \u00e9 um retrato da diversidade de regimes de tombamento sob diretrizes diversas que muitas\u00a0vezes confundem os cidad\u00e3os que nela residem. A desigualdade socioecon\u00f4mica entre os moradores das distintas \u00e1reas de prote\u00e7\u00e3o adiciona outra camada a este panorama, influenciando diretamente no acesso \u00e0 informa\u00e7\u00e3o e nos servi\u00e7os de adequa\u00e7\u00e3o residencial. O Crescimento e a Necessidade de Moradia A partir dos anos 1970, S\u00e3o Jo\u00e3o del Tei\u00a0come\u00e7ou a receber um fluxo de migrantes das zonas rurais e cidades vizinhas, resultando na forma\u00e7\u00e3o de periferias como o Bonfim, Guarda-Mor, Senhor dos Montes, S\u00e3o Geraldo, S\u00e3o Dimas, entre outros. Estas \u00e1reas, muitas vezes desprovidas de infraestrutura e servi\u00e7os urbanos adequados, refletem um desafio contempor\u00e2neo: como proporcionar moradia digna enquanto se preserva o rico patrim\u00f4nio cultural e hist\u00f3rico. A cidade, portanto, enfrenta o desafio de equilibrar a preserva\u00e7\u00e3o do patrim\u00f4nio com a necessidade de expans\u00e3o urbana e moradia acess\u00edvel. As pol\u00edticas de preserva\u00e7\u00e3o, como as estabelecidas pelo CMPPC e pelo Plano Diretor, s\u00e3o essenciais para proteger o patrim\u00f4nio hist\u00f3rico, mas tamb\u00e9m precisam ser integradas com estrat\u00e9gias para promover o desenvolvimento urbano sustent\u00e1vel e inclusivo. \u00c0 sombra da Serra de Ouro Preto, nos bairros a oeste, reside uma popula\u00e7\u00e3o densa e diversa, que encara a precariedade habitacional frente a um cen\u00e1rio de patrim\u00f4nio cultural rigorosamente protegido. A\u00a0necessidade de moradia digna n\u00e3o \u00e9 apenas um anseio, mas uma demanda urgente, sobretudo nas \u00e1reas de \u00c1rea de prote\u00e7\u00e3o (AP 01), onde a preserva\u00e7\u00e3o e a vida cotidiana devem encontrar um equil\u00edbrio sustent\u00e1vel.Projetos Inovadores em A\u00e7\u00e3o O envolvimento da comunidade local \u00e9 crucial neste processo. Projetos que visam integrar a popula\u00e7\u00e3o residente na preserva\u00e7\u00e3o do patrim\u00f4nio, ao mesmo tempo que abordam suas necessidades de moradia, podem ajudar a criar uma conex\u00e3o mais profunda entre os moradores e seu patrim\u00f4nio cultural. A educa\u00e7\u00e3o patrimonial, particularmente entre as crian\u00e7as e jovens, \u00e9 um aspecto fundamental para fomentar uma aprecia\u00e7\u00e3o pelo patrim\u00f4nio hist\u00f3rico e cultural e para a forma\u00e7\u00e3o de uma identidade cultural coletiva. Estamos enfrentando esse desafio de frente, com o apoio de dois editais de patroc\u00ednio do CAU\/MG para o ano de 2023.\u00a0 O primeiro, focado em Assist\u00eancia T\u00e9cnica para Habita\u00e7\u00e3o de Interesse Social (ATHIS), \u00e9 intitulado &#8220;Moradia Digna, um direito seu&#8221; e o\u00a0segundo edital \u00e9 dedicado ao Patrim\u00f4nio Cultural.Guias did\u00e1ticos, elaborados pela comunidade e para a comunidade, visam simplificar as diretrizes de tombamento e incentivar a participa\u00e7\u00e3o popular no processo de preserva\u00e7\u00e3o. Estes esfor\u00e7os buscam n\u00e3o apenas proteger, mas tamb\u00e9m empoderar os residentes, dando-lhes as ferramentas para que sejam protagonistas na prote\u00e7\u00e3o e valoriza\u00e7\u00e3o do seu entorno hist\u00f3rico. Edital de Patrim\u00f4nio Cultural As cidades hist\u00f3ricas de Ouro Preto e S\u00e3o Jo\u00e3o Del Rei receberam iniciativas para a preserva\u00e7\u00e3o do patrim\u00f4nio cultural e a educa\u00e7\u00e3o da comunidade, com a execu\u00e7\u00e3o da Arquitetas N\u00f4mades e patroc\u00ednio do CAU\/MG na modalidade Patrim\u00f4nio Cultural.O projeto &#8220;Guia para moradores do centro hist\u00f3rico e entorno&#8221; em Ouro Preto da\u00a0 A3EM focou em capacitar profissionais, estudantes e moradores sobre como preservar e melhorar habita\u00e7\u00f5es em \u00e1reas tombadas, abrangendo a \u00e1rea do Morro da Queimada . Em S\u00e3o Jo\u00e3o del Rei, o projeto da Projeto Social Crian\u00e7a, Atleta, Cidad\u00e3 (CAC) teve como diferencial as oficinas com crian\u00e7as do projeto.\u00a0Ambos os projetos engajam\u00a0 estudantes e profissionais de arquitetura, engenharia civil e \u00e1reas afins, em atividades que inclu\u00edram\u00a0oficinas did\u00e1ticas e orienta\u00e7\u00e3o \u00e0 comunidade. Encontros virtuais Em Ouro Preto os encontros preparat\u00f3rios ocorreram da seguinte forma Em S\u00e3o Jo\u00e3o del Rei os encontros online tiveras os temas: 1-Abertura do Projeto &#8211; apresenta\u00e7\u00e3o e explica\u00e7\u00e3o geral Gest\u00e3o do Patrim\u00f4nio Cultural (Convidada : Nathalia Larsen &#8211; Presidente do CMPPC)2- Guia dos Bens Edificados e Mapa do Patrim\u00f4nio (Convidadas: Ana Raposo -antiga Diretora de Cultura e Gerente de Planejamento na Prefeitura de S\u00e3o Jo\u00e3o del-Rei; Lia Lombardi &#8211; diretora da Igarap\u00e9 Produtora, estando \u00e0 frente do projeto &#8220;Mapa do Patrim\u00f4nio&#8221;)3- Diretrizes do Conselho Municipal de Preserva\u00e7\u00e3o ao Patrim\u00f4nio Cultural e aprova\u00e7\u00e3o de projetos no IPHAN. (Convidados: Raymara Gama &#8211; ETSJ IPHAN; Roberto Miranda &#8211; Arquiteto da Secretaria Municipal de Cultura e Turismo de SJDR, cedido ao CMPPC)4- Direito e Patrim\u00f4nio Cultural (Convidado: Carlos Magno de Souza Paiva- Um dos escritores do Manual para quem vive em casas tombadas) Ficou curioso? Al\u00e9m do link do livro acima conhe\u00e7a um pouco mais das iniciativas que foram refer\u00eancia para esse projeto: Conhe\u00e7a o Mapa do Patrim\u00f4nioBaixe o Guia de bens Edificados de S\u00e3o Jo\u00e3o del Rei<\/p>\n","protected":false},"author":2,"featured_media":7574,"comment_status":"open","ping_status":"closed","sticky":false,"template":"","format":"standard","meta":{"_acf_changed":false,"footnotes":""},"categories":[23],"tags":[],"class_list":["post-7570","post","type-post","status-publish","format-standard","has-post-thumbnail","hentry","category-blog"],"acf":[],"_links":{"self":[{"href":"https:\/\/www.arquitetasnomades.com.br\/site\/wp-json\/wp\/v2\/posts\/7570","targetHints":{"allow":["GET"]}}],"collection":[{"href":"https:\/\/www.arquitetasnomades.com.br\/site\/wp-json\/wp\/v2\/posts"}],"about":[{"href":"https:\/\/www.arquitetasnomades.com.br\/site\/wp-json\/wp\/v2\/types\/post"}],"author":[{"embeddable":true,"href":"https:\/\/www.arquitetasnomades.com.br\/site\/wp-json\/wp\/v2\/users\/2"}],"replies":[{"embeddable":true,"href":"https:\/\/www.arquitetasnomades.com.br\/site\/wp-json\/wp\/v2\/comments?post=7570"}],"version-history":[{"count":1,"href":"https:\/\/www.arquitetasnomades.com.br\/site\/wp-json\/wp\/v2\/posts\/7570\/revisions"}],"predecessor-version":[{"id":8557,"href":"https:\/\/www.arquitetasnomades.com.br\/site\/wp-json\/wp\/v2\/posts\/7570\/revisions\/8557"}],"wp:featuredmedia":[{"embeddable":true,"href":"https:\/\/www.arquitetasnomades.com.br\/site\/wp-json\/wp\/v2\/media\/7574"}],"wp:attachment":[{"href":"https:\/\/www.arquitetasnomades.com.br\/site\/wp-json\/wp\/v2\/media?parent=7570"}],"wp:term":[{"taxonomy":"category","embeddable":true,"href":"https:\/\/www.arquitetasnomades.com.br\/site\/wp-json\/wp\/v2\/categories?post=7570"},{"taxonomy":"post_tag","embeddable":true,"href":"https:\/\/www.arquitetasnomades.com.br\/site\/wp-json\/wp\/v2\/tags?post=7570"}],"curies":[{"name":"wp","href":"https:\/\/api.w.org\/{rel}","templated":true}]}}