{"id":8547,"date":"2024-06-08T09:10:10","date_gmt":"2024-06-08T12:10:10","guid":{"rendered":"https:\/\/www.arquitetasnomades.com.br\/site\/?p=8547"},"modified":"2024-06-08T09:14:40","modified_gmt":"2024-06-08T12:14:40","slug":"cada-casa-um-lar-acompanhe-esse-projeto","status":"publish","type":"post","link":"https:\/\/www.arquitetasnomades.com.br\/site\/cada-casa-um-lar-acompanhe-esse-projeto\/","title":{"rendered":"&#8220;Cada casa, um lar&#8221;, acompanhe esse projeto"},"content":{"rendered":"\n<p>\u00c9 com grande entusiasmo que apresentamos esse projeto, uma iniciativa refor\u00e7ada pelo CAU\/MG conforme edital de chamado p\u00fablico N.\u00ba 002\/2023, modalidade assist\u00eancia t\u00e9cnica para habita\u00e7\u00f5es de interesse social &#8220;Moradia digna, um direito seu&#8221;.<br>Proposta pelo Projeto Social CAC e pela arquiteta Amanda de Almeida Carvalho, com execu\u00e7\u00e3o da equipe dos Arquitetas N\u00f4mades, o projeto visa atender fam\u00edlias de baixa renda afetadas por desastres causados \u200b\u200bpelas chuvas, pela COVID-19 e outras vulnerabilidades, incluindo idosos, pessoas com defici\u00eancia , acamados, gestantes, crian\u00e7as pequenas, v\u00edtimas de viol\u00eancia e fam\u00edlias sem fonte de renda. Arquitetos e estudantes interessados \u200b\u200bno ATHIS foram convidados a participar das atividades e da capacita\u00e7\u00e3o de gestores p\u00fablicos em Santa Cruz de Minas e S\u00e3o Jo\u00e3o Del Rei, juntamente com a equipe do CAC e das Arquitetas N\u00f4mades, com o objetivo de promover moradias dignas e seguras para todos.<\/p>\n\n\n\n<h2 class=\"wp-block-heading\">Inscri\u00e7\u00f5es e participa\u00e7\u00e3o<\/h2>\n\n\n\n<p>A divulga\u00e7\u00e3o do projeto para comunidade de estudantes e arquitetos foi realizada por meio de nossas redes sociais, ficando aberta de setembro de 2023 a abril de 2024. Os 12 inscritos, entre alunos e profissionais de arquitetura participaram de v\u00e1rias etapas desde visitas, elabora\u00e7\u00e3o do projeto , acompanhamento execu\u00e7\u00e3o da obra e oficina de capacita\u00e7\u00e3o.&nbsp;<\/p>\n\n\n\n<h4 class=\"wp-block-heading\">Veja abaixo um dos projetos desenvolvidos por uma das arquitetas escritas \ud83c\udfe1\ud83d\udcab<\/h4>\n\n\n\n<figure class=\"wp-block-image size-large is-resized\"><img fetchpriority=\"high\" decoding=\"async\" width=\"1024\" height=\"725\" src=\"https:\/\/www.arquitetasnomades.com.br\/site\/wp-content\/uploads\/2024\/06\/PROJETO-ATHIS-ANTONIO_page-0001-1-1024x725.jpg\" alt=\"\" class=\"wp-image-8554\" style=\"width:841px;height:auto\" srcset=\"https:\/\/www.arquitetasnomades.com.br\/site\/wp-content\/uploads\/2024\/06\/PROJETO-ATHIS-ANTONIO_page-0001-1-1024x725.jpg 1024w, https:\/\/www.arquitetasnomades.com.br\/site\/wp-content\/uploads\/2024\/06\/PROJETO-ATHIS-ANTONIO_page-0001-1-300x212.jpg 300w, https:\/\/www.arquitetasnomades.com.br\/site\/wp-content\/uploads\/2024\/06\/PROJETO-ATHIS-ANTONIO_page-0001-1-768x543.jpg 768w, https:\/\/www.arquitetasnomades.com.br\/site\/wp-content\/uploads\/2024\/06\/PROJETO-ATHIS-ANTONIO_page-0001-1-1536x1087.jpg 1536w, https:\/\/www.arquitetasnomades.com.br\/site\/wp-content\/uploads\/2024\/06\/PROJETO-ATHIS-ANTONIO_page-0001-1.jpg 1754w\" sizes=\"(max-width: 1024px) 100vw, 1024px\" \/><\/figure>\n\n\n\n<figure class=\"wp-block-gallery has-nested-images columns-default is-cropped wp-block-gallery-1 is-layout-flex wp-block-gallery-is-layout-flex\">\n<figure class=\"wp-block-image size-large\"><img decoding=\"async\" width=\"1024\" height=\"725\" data-id=\"8553\" src=\"https:\/\/www.arquitetasnomades.com.br\/site\/wp-content\/uploads\/2024\/06\/PROJETO-ATHIS-ANTONIO_page-0003-1024x725.jpg\" alt=\"\" class=\"wp-image-8553\" srcset=\"https:\/\/www.arquitetasnomades.com.br\/site\/wp-content\/uploads\/2024\/06\/PROJETO-ATHIS-ANTONIO_page-0003-1024x725.jpg 1024w, https:\/\/www.arquitetasnomades.com.br\/site\/wp-content\/uploads\/2024\/06\/PROJETO-ATHIS-ANTONIO_page-0003-300x212.jpg 300w, https:\/\/www.arquitetasnomades.com.br\/site\/wp-content\/uploads\/2024\/06\/PROJETO-ATHIS-ANTONIO_page-0003-768x543.jpg 768w, https:\/\/www.arquitetasnomades.com.br\/site\/wp-content\/uploads\/2024\/06\/PROJETO-ATHIS-ANTONIO_page-0003-1536x1087.jpg 1536w, https:\/\/www.arquitetasnomades.com.br\/site\/wp-content\/uploads\/2024\/06\/PROJETO-ATHIS-ANTONIO_page-0003.jpg 1754w\" sizes=\"(max-width: 1024px) 100vw, 1024px\" \/><\/figure>\n<\/figure>\n\n\n\n<h2 class=\"wp-block-heading\">Oficinas&nbsp;<\/h2>\n\n\n\n<p>Os escrit\u00f3rios s\u00e3o um espa\u00e7o onde estudantes, arquitetos e moradores se unem para aprender o of\u00edcio juntos, colocando literalmente as m\u00e3os na massa sob orienta\u00e7\u00e3o de profissionais. Foram realizados escrit\u00f3rios de telhado, reboco, alvenaria e pintura. Confira algumas delas abaixo:<\/p>\n\n\n\n<h4 class=\"wp-block-heading\">Clique nas imagens abaixo para assistir aos v\u00eddeos \ud83d\udcaa\ud83c\udfe0<\/h4>\n\n\n\n<figure class=\"wp-block-gallery has-nested-images columns-default is-cropped wp-block-gallery-2 is-layout-flex wp-block-gallery-is-layout-flex\">\n<figure class=\"wp-block-image size-large\"><a href=\"https:\/\/drive.google.com\/file\/d\/1kJWYUMbdUpXiscJoutfWW4PwcOiC8n9Z\/view\"><img decoding=\"async\" width=\"1024\" height=\"1024\" data-id=\"8552\" src=\"https:\/\/www.arquitetasnomades.com.br\/site\/wp-content\/uploads\/2024\/06\/unnamed-2-1024x1024-1.jpg\" alt=\"\" class=\"wp-image-8552\" srcset=\"https:\/\/www.arquitetasnomades.com.br\/site\/wp-content\/uploads\/2024\/06\/unnamed-2-1024x1024-1.jpg 1024w, https:\/\/www.arquitetasnomades.com.br\/site\/wp-content\/uploads\/2024\/06\/unnamed-2-1024x1024-1-300x300.jpg 300w, https:\/\/www.arquitetasnomades.com.br\/site\/wp-content\/uploads\/2024\/06\/unnamed-2-1024x1024-1-150x150.jpg 150w, https:\/\/www.arquitetasnomades.com.br\/site\/wp-content\/uploads\/2024\/06\/unnamed-2-1024x1024-1-768x768.jpg 768w\" sizes=\"(max-width: 1024px) 100vw, 1024px\" \/><\/a><\/figure>\n\n\n\n<figure class=\"wp-block-image size-large\"><a href=\"https:\/\/drive.google.com\/file\/d\/1kiu9pLZdjkWvtfCvK1JHD0GHuSngdqvr\/view\"><img loading=\"lazy\" decoding=\"async\" width=\"1024\" height=\"1024\" data-id=\"8551\" src=\"https:\/\/www.arquitetasnomades.com.br\/site\/wp-content\/uploads\/2024\/06\/Oficina-Lourdes-1-1024x1024-1.jpg\" alt=\"\" class=\"wp-image-8551\" srcset=\"https:\/\/www.arquitetasnomades.com.br\/site\/wp-content\/uploads\/2024\/06\/Oficina-Lourdes-1-1024x1024-1.jpg 1024w, https:\/\/www.arquitetasnomades.com.br\/site\/wp-content\/uploads\/2024\/06\/Oficina-Lourdes-1-1024x1024-1-300x300.jpg 300w, https:\/\/www.arquitetasnomades.com.br\/site\/wp-content\/uploads\/2024\/06\/Oficina-Lourdes-1-1024x1024-1-150x150.jpg 150w, https:\/\/www.arquitetasnomades.com.br\/site\/wp-content\/uploads\/2024\/06\/Oficina-Lourdes-1-1024x1024-1-768x768.jpg 768w\" sizes=\"(max-width: 1024px) 100vw, 1024px\" \/><\/a><\/figure>\n<\/figure>\n\n\n\n<p><a href=\"https:\/\/drive.google.com\/file\/d\/1klTO3uWdOOSyaF0-7NQFiZu3-UhmOrD7\/view?usp=sharing\" target=\"_blank\" rel=\"noreferrer noopener\">Clique para ver a oficina de reboco com a moradora Soraia<\/a><\/p>\n\n\n\n<p>A capacita\u00e7\u00e3o em ATHIS para gestores e servidores p\u00fablicos de S\u00e3o Jo\u00e3o Del Rei e Santa Cruz de Minas a fim de contribui\u00e7\u00f5es o desenvolvimento de pol\u00edticas p\u00fablicas eficazes e inclusivas na \u00e1rea de habita\u00e7\u00e3o ocorrer\u00e1 no m\u00eas de maio de forma presencial.<\/p>\n\n\n\n<h4 class=\"wp-block-heading\">Clique nas imagens abaixo para assistir aos v\u00eddeos<\/h4>\n\n\n\n<figure class=\"wp-block-image size-full\"><a href=\"https:\/\/www.instagram.com\/reel\/C4g0WaVsIm-\/?utm_source=ig_web_copy_link&amp;igsh=MzRlODBiNWFlZA==\"><img loading=\"lazy\" decoding=\"async\" width=\"540\" height=\"540\" src=\"https:\/\/www.arquitetasnomades.com.br\/site\/wp-content\/uploads\/2024\/06\/capa-curso-gestores-Post-para-Instagram.jpg\" alt=\"\" class=\"wp-image-8550\" srcset=\"https:\/\/www.arquitetasnomades.com.br\/site\/wp-content\/uploads\/2024\/06\/capa-curso-gestores-Post-para-Instagram.jpg 540w, https:\/\/www.arquitetasnomades.com.br\/site\/wp-content\/uploads\/2024\/06\/capa-curso-gestores-Post-para-Instagram-300x300.jpg 300w, https:\/\/www.arquitetasnomades.com.br\/site\/wp-content\/uploads\/2024\/06\/capa-curso-gestores-Post-para-Instagram-150x150.jpg 150w\" sizes=\"(max-width: 540px) 100vw, 540px\" \/><\/a><\/figure>\n\n\n\n<figure class=\"wp-block-image size-full\"><a href=\"https:\/\/www.instagram.com\/reel\/C4ykXlCP4E5\/?utm_source=ig_web_copy_link&amp;igsh=MzRlODBiNWFlZA==\"><img loading=\"lazy\" decoding=\"async\" width=\"540\" height=\"540\" src=\"https:\/\/www.arquitetasnomades.com.br\/site\/wp-content\/uploads\/2024\/06\/DIA-1-curso-gestores.jpg\" alt=\"\" class=\"wp-image-8549\" srcset=\"https:\/\/www.arquitetasnomades.com.br\/site\/wp-content\/uploads\/2024\/06\/DIA-1-curso-gestores.jpg 540w, https:\/\/www.arquitetasnomades.com.br\/site\/wp-content\/uploads\/2024\/06\/DIA-1-curso-gestores-300x300.jpg 300w, https:\/\/www.arquitetasnomades.com.br\/site\/wp-content\/uploads\/2024\/06\/DIA-1-curso-gestores-150x150.jpg 150w\" sizes=\"(max-width: 540px) 100vw, 540px\" \/><\/a><figcaption class=\"wp-element-caption\">DIA 1:  curso gestores &#8211; 1<\/figcaption><\/figure>\n\n\n\n<figure class=\"wp-block-image size-full\"><a href=\"https:\/\/www.instagram.com\/reel\/C40kD1jskYy\/?utm_source=ig_web_copy_link&amp;igsh=MzRlODBiNWFlZA==\"><img loading=\"lazy\" decoding=\"async\" width=\"540\" height=\"540\" src=\"https:\/\/www.arquitetasnomades.com.br\/site\/wp-content\/uploads\/2024\/06\/DIA-2-curso-gestores.jpg\" alt=\"\" class=\"wp-image-8548\" srcset=\"https:\/\/www.arquitetasnomades.com.br\/site\/wp-content\/uploads\/2024\/06\/DIA-2-curso-gestores.jpg 540w, https:\/\/www.arquitetasnomades.com.br\/site\/wp-content\/uploads\/2024\/06\/DIA-2-curso-gestores-300x300.jpg 300w, https:\/\/www.arquitetasnomades.com.br\/site\/wp-content\/uploads\/2024\/06\/DIA-2-curso-gestores-150x150.jpg 150w\" sizes=\"(max-width: 540px) 100vw, 540px\" \/><\/a><figcaption class=\"wp-element-caption\">DIA 2:  curso gestores &#8211; 1<\/figcaption><\/figure>\n","protected":false},"excerpt":{"rendered":"<p>\u00c9 com grande entusiasmo que apresentamos esse projeto, uma iniciativa refor\u00e7ada pelo CAU\/MG conforme edital de chamado p\u00fablico N.\u00ba 002\/2023, modalidade assist\u00eancia t\u00e9cnica para habita\u00e7\u00f5es de interesse social &#8220;Moradia digna, um direito seu&#8221;.Proposta pelo Projeto Social CAC e pela arquiteta Amanda de Almeida Carvalho, com execu\u00e7\u00e3o da equipe dos Arquitetas N\u00f4mades, o projeto visa atender fam\u00edlias de baixa renda afetadas por desastres causados \u200b\u200bpelas chuvas, pela COVID-19 e outras vulnerabilidades, incluindo idosos, pessoas com defici\u00eancia , acamados, gestantes, crian\u00e7as pequenas, v\u00edtimas de viol\u00eancia e fam\u00edlias sem fonte de renda. Arquitetos e estudantes interessados \u200b\u200bno ATHIS foram convidados a participar das atividades e da capacita\u00e7\u00e3o de gestores p\u00fablicos em Santa Cruz de Minas e S\u00e3o Jo\u00e3o Del Rei, juntamente com a equipe do CAC e das Arquitetas N\u00f4mades, com o objetivo de promover moradias dignas e seguras para todos. Inscri\u00e7\u00f5es e participa\u00e7\u00e3o A divulga\u00e7\u00e3o do projeto para comunidade de estudantes e arquitetos foi realizada por meio de nossas redes sociais, ficando aberta de setembro de 2023 a abril de 2024. Os 12 inscritos, entre alunos e profissionais de arquitetura participaram de v\u00e1rias etapas desde visitas, elabora\u00e7\u00e3o do projeto , acompanhamento execu\u00e7\u00e3o da obra e oficina de capacita\u00e7\u00e3o.&nbsp; Veja abaixo um dos projetos desenvolvidos por uma das arquitetas escritas \ud83c\udfe1\ud83d\udcab Oficinas&nbsp; Os escrit\u00f3rios s\u00e3o um espa\u00e7o onde estudantes, arquitetos e moradores se unem para aprender o of\u00edcio juntos, colocando literalmente as m\u00e3os na massa sob orienta\u00e7\u00e3o de profissionais. Foram realizados escrit\u00f3rios de telhado, reboco, alvenaria e pintura. Confira algumas delas abaixo: Clique nas imagens abaixo para assistir aos v\u00eddeos \ud83d\udcaa\ud83c\udfe0 Clique para ver a oficina de reboco com a moradora Soraia A capacita\u00e7\u00e3o em ATHIS para gestores e servidores p\u00fablicos de S\u00e3o Jo\u00e3o Del Rei e Santa Cruz de Minas a fim de contribui\u00e7\u00f5es o desenvolvimento de pol\u00edticas p\u00fablicas eficazes e inclusivas na \u00e1rea de habita\u00e7\u00e3o ocorrer\u00e1 no m\u00eas de maio de forma presencial. Clique nas imagens abaixo para assistir aos v\u00eddeos<\/p>\n","protected":false},"author":1,"featured_media":8554,"comment_status":"open","ping_status":"open","sticky":false,"template":"","format":"standard","meta":{"_acf_changed":false,"footnotes":""},"categories":[23],"tags":[],"class_list":["post-8547","post","type-post","status-publish","format-standard","has-post-thumbnail","hentry","category-blog"],"acf":[],"_links":{"self":[{"href":"https:\/\/www.arquitetasnomades.com.br\/site\/wp-json\/wp\/v2\/posts\/8547","targetHints":{"allow":["GET"]}}],"collection":[{"href":"https:\/\/www.arquitetasnomades.com.br\/site\/wp-json\/wp\/v2\/posts"}],"about":[{"href":"https:\/\/www.arquitetasnomades.com.br\/site\/wp-json\/wp\/v2\/types\/post"}],"author":[{"embeddable":true,"href":"https:\/\/www.arquitetasnomades.com.br\/site\/wp-json\/wp\/v2\/users\/1"}],"replies":[{"embeddable":true,"href":"https:\/\/www.arquitetasnomades.com.br\/site\/wp-json\/wp\/v2\/comments?post=8547"}],"version-history":[{"count":1,"href":"https:\/\/www.arquitetasnomades.com.br\/site\/wp-json\/wp\/v2\/posts\/8547\/revisions"}],"predecessor-version":[{"id":8555,"href":"https:\/\/www.arquitetasnomades.com.br\/site\/wp-json\/wp\/v2\/posts\/8547\/revisions\/8555"}],"wp:featuredmedia":[{"embeddable":true,"href":"https:\/\/www.arquitetasnomades.com.br\/site\/wp-json\/wp\/v2\/media\/8554"}],"wp:attachment":[{"href":"https:\/\/www.arquitetasnomades.com.br\/site\/wp-json\/wp\/v2\/media?parent=8547"}],"wp:term":[{"taxonomy":"category","embeddable":true,"href":"https:\/\/www.arquitetasnomades.com.br\/site\/wp-json\/wp\/v2\/categories?post=8547"},{"taxonomy":"post_tag","embeddable":true,"href":"https:\/\/www.arquitetasnomades.com.br\/site\/wp-json\/wp\/v2\/tags?post=8547"}],"curies":[{"name":"wp","href":"https:\/\/api.w.org\/{rel}","templated":true}]}}